[{"@context":"https:\/\/schema.org\/","@type":"Article","@id":"https:\/\/www.ryves.cz\/hrejive-cepice-ktere-jsou-soucasne-trendy\/#Article","mainEntityOfPage":"https:\/\/www.ryves.cz\/hrejive-cepice-ktere-jsou-soucasne-trendy\/","headline":"H\u0159ejiv\u00e9 \u010depice, kter\u00e9 jsou sou\u010dasn\u011b trendy","name":"H\u0159ejiv\u00e9 \u010depice, kter\u00e9 jsou sou\u010dasn\u011b trendy","description":"V zim\u011b se neobejdeme, bez d\u016fkladn\u00e9ho vybaven\u00ed tepl\u00e9ho oble\u010den\u00ed. Krom\u011b klasick\u00fdch tepl\u00fdch svetr\u016f, mikin nebo po\u0159\u00e1dn\u00e9 zimn\u00ed bundy, to plat\u00ed i pro \u010depice, kter\u00e9 nejsou pouze \u00fa\u010delov\u00e9, ale \u00fa\u017easn\u011b dopln\u00ed cel\u00fd n\u00e1\u0161 outfit. \u017deny s bujnou h\u0159\u00edvou \u017deny, kter\u00e9 maj\u00ed hust\u011bj\u0161\u00ed vlasy, kter\u00e9 jsou i dlouh\u00e9, mus\u00ed \u010depice vyb\u00edrat dle sv\u00fdch dispozic. Po\u010d\u00edtejte s t\u00edm, \u017ee se mus\u00edte v\u017edy zam\u011b\u0159it na o \u010d\u00edslo v\u011bt\u0161\u00ed, aby se v\u00e1m vlasy mohly p\u011bkn\u011b naskl\u00e1dat do jejich vnit\u0159ku. Nechcete m\u00edt p\u0159ece vlasy zplihl\u00e9 a&hellip;","datePublished":"2020-09-10","dateModified":"2023-05-26","author":{"@type":"Person","@id":"https:\/\/www.ryves.cz\/author\/#Person","name":"","url":"https:\/\/www.ryves.cz\/author\/","identifier":1,"image":{"@type":"ImageObject","@id":"https:\/\/secure.gravatar.com\/avatar\/06eaac2906ebd8f5abb4917f3140de1503ec690466d6a69c4ec202bf5b15537c?s=96&d=mm&r=g","url":"https:\/\/secure.gravatar.com\/avatar\/06eaac2906ebd8f5abb4917f3140de1503ec690466d6a69c4ec202bf5b15537c?s=96&d=mm&r=g","height":96,"width":96}},"publisher":{"@type":"Organization","name":"ryves.cz","logo":{"@type":"ImageObject","@id":"\/logo.png","url":"\/logo.png","width":600,"height":60}},"image":{"@type":"ImageObject","@id":"https:\/\/www.ryves.cz\/wp-content\/uploads\/img_a328505_w2312_t1540740631.jpg","url":"https:\/\/www.ryves.cz\/wp-content\/uploads\/img_a328505_w2312_t1540740631.jpg","height":0,"width":0},"url":"https:\/\/www.ryves.cz\/hrejive-cepice-ktere-jsou-soucasne-trendy\/","about":["M\u00f3da"],"wordCount":422,"articleBody":"\tV zim\u011b se neobejdeme, bez d\u016fkladn\u00e9ho vybaven\u00ed tepl\u00e9ho oble\u010den\u00ed. Krom\u011b klasick\u00fdch tepl\u00fdch svetr\u016f, mikin nebo po\u0159\u00e1dn\u00e9 zimn\u00ed bundy, to plat\u00ed i pro \u010depice, kter\u00e9 nejsou pouze \u00fa\u010delov\u00e9, ale \u00fa\u017easn\u011b dopln\u00ed cel\u00fd n\u00e1\u0161 outfit.\t\t\u017deny s bujnou h\u0159\u00edvou\u017deny, kter\u00e9 maj\u00ed hust\u011bj\u0161\u00ed vlasy, kter\u00e9 jsou i dlouh\u00e9, mus\u00ed \u010depice vyb\u00edrat dle sv\u00fdch dispozic. Po\u010d\u00edtejte s t\u00edm, \u017ee se mus\u00edte v\u017edy zam\u011b\u0159it na o \u010d\u00edslo v\u011bt\u0161\u00ed, aby se v\u00e1m vlasy mohly p\u011bkn\u011b naskl\u00e1dat do jejich vnit\u0159ku. Nechcete m\u00edt p\u0159ece vlasy zplihl\u00e9 a vtla\u010den\u00e9 do \u00fazk\u00e9 \u010depice, ve kter\u00e9 nebudete budit p\u0159irozen\u00fdm dojmem.I tak mal\u00fd kousek oble\u010den\u00ed, mus\u00ed vypadat stylov\u011b a samoz\u0159ejm\u011b se v n\u011bm mus\u00edte c\u00edtit pohodln\u011b a sexy.Kudrnat\u00e9 sle\u010dny jich p\u0159\u00edli\u0161 v l\u00e1sce nemaj\u00ed. Existuj\u00ed v\u0161ak st\u0159ihy, kter\u00e9 se zam\u011b\u0159uj\u00ed na to, aby v\u00e1m va\u0161e kudrliny vydr\u017eely upraven\u00e9 stejn\u011b, jako kdy\u017e jste si je r\u00e1no upravily. Dobrou volbou pro v\u00e1s m\u016f\u017ee b\u00fdt \u010depice francouzsk\u00e9ho stylu, kter\u00e1 na oko vypad\u00e1 jako baretka.\tMu\u017ei, kte\u0159\u00ed v n\u00ed cht\u011bj\u00ed vypadat fantastickyPro mu\u017ee je \u010depice jako m\u00f3dn\u00ed dopln\u011bk. D\u00edky jednodu\u0161\u0161\u00edmu st\u0159ihu vlas\u016f, si m\u016f\u017eou dop\u0159\u00e1t prakticky v\u0161echny typy. Vyb\u00edraj\u00ed p\u0159edev\u0161\u00edm z hlediska jejich z\u00e1jmu a stylu obl\u00e9k\u00e1n\u00ed, tedy takovou, ve kter\u00e9 budou p\u016fsobit elegantn\u011b a trendy.V oblib\u011b jsou aktu\u00e1ln\u011b takov\u00e9, kter\u00e9 jsou od pohledu del\u0161\u00ed.Nepadnou tedy p\u0159esn\u011b na va\u0161i hlavu, ale nech\u00e1vaj\u00ed voln\u00fd prostor na jejich konci, kter\u00fd je te\u010f hodn\u011b v m\u00f3d\u011b. Tyto \u010depice se vyr\u00e1b\u00ed i pro \u017eeny, ov\u0161em ne ka\u017ed\u00e9 slu\u0161\u00ed. Mu\u017ei v\u0161ak maj\u00ed velkou v\u00fdhodu v tom, \u017ee jich vlasy nijak neomezuj\u00ed k tomu, dop\u0159\u00e1t si jich v r\u016fzn\u00fdch barv\u00e1ch a st\u0159ihu.Bez n\u00ed, by to samoz\u0159ejm\u011b v zim\u011b ne\u0161lo. Hodn\u011b popul\u00e1rn\u00ed je po\u0159\u00e1d klasika, kter\u00e1 se nab\u00edz\u00ed v materi\u00e1lu, jak\u00fdm je vlna. Ta toti\u017e obzvl\u00e1\u0161t\u011b v zimn\u00edm obdob\u00ed, nevyjde nikdy z m\u00f3dy, proto\u017ee dokonale zah\u0159eje a v\u017edy bude p\u016fsobit nad\u010dasov\u011b.A\u0165 u\u017e si vyberete jakoukoliv, dop\u0159ejte si p\u0159edev\u0161\u00edm teplo.Rovn\u011b\u017e ale nen\u00ed na \u0161kodu, vypadat kr\u00e1sn\u011b i v \u010depici, kter\u00e1 v\u00e1\u0161 \u00fa\u010des zkazit u\u017e v\u016fbec nemus\u00ed.                                                                                                                                                                                                                                                                                                                                                                                        4.1\/5 - (7 votes)        "},{"@context":"https:\/\/schema.org\/","@type":"BreadcrumbList","itemListElement":[{"@type":"ListItem","position":1,"name":"H\u0159ejiv\u00e9 \u010depice, kter\u00e9 jsou sou\u010dasn\u011b trendy","item":"https:\/\/www.ryves.cz\/hrejive-cepice-ktere-jsou-soucasne-trendy\/#breadcrumbitem"}]}]