[{"@context":"https:\/\/schema.org\/","@type":"Article","@id":"https:\/\/www.ryves.cz\/nebojte-se-penzijniho-veku\/#Article","mainEntityOfPage":"https:\/\/www.ryves.cz\/nebojte-se-penzijniho-veku\/","headline":"Nebojte se penzijn\u00edho v\u011bku","name":"Nebojte se penzijn\u00edho v\u011bku","description":"Pokud jste si ji\u017e v\u00fdpo\u010dtem odchodu do d\u016fchodu p\u0159esn\u011b zjistili, kdy v\u00e1s \u010dek\u00e1 penze a kdy se p\u0159i\u0159ad\u00edte k va\u0161im p\u0159edch\u016fdc\u016fm, m\u00e1te docela \u0161t\u011bst\u00ed. Kdo je toti\u017e p\u0159ipraven, ten nen\u00ed p\u0159ekvapen! A vy m\u00e1te \u010das se na v\u0161echno, co se t\u00fdk\u00e1 st\u00e1\u0159\u00ed a seniorsk\u00e9ho v\u011bku, dob\u0159e p\u0159ipravit ji\u017e p\u0159edem. nebojte se p\u0159i tom d\u011blat i v\u011bci, kter\u00e9 se zdaj\u00ed jako zbyte\u010dn\u00e9, nebo zbyte\u010dn\u00e9, vzhledem ke kr\u00e1t\u00edc\u00edmu se \u010dasu do zb\u00fdvaj\u00edc\u00edho do va\u0161\u00ed smrti. Vzd\u011bl\u00e1n\u00ed, z\u00e1bava, cestov\u00e1n\u00ed Neost\u00fdchejte se na star\u00e1&hellip;","datePublished":"2024-11-16","dateModified":"2024-11-16","author":{"@type":"Person","@id":"https:\/\/www.ryves.cz\/author\/#Person","name":"","url":"https:\/\/www.ryves.cz\/author\/","identifier":1,"image":{"@type":"ImageObject","@id":"https:\/\/secure.gravatar.com\/avatar\/06eaac2906ebd8f5abb4917f3140de1503ec690466d6a69c4ec202bf5b15537c?s=96&d=mm&r=g","url":"https:\/\/secure.gravatar.com\/avatar\/06eaac2906ebd8f5abb4917f3140de1503ec690466d6a69c4ec202bf5b15537c?s=96&d=mm&r=g","height":96,"width":96}},"publisher":{"@type":"Organization","name":"ryves.cz","logo":{"@type":"ImageObject","@id":"\/logo.png","url":"\/logo.png","width":600,"height":60}},"url":"https:\/\/www.ryves.cz\/nebojte-se-penzijniho-veku\/","wordCount":196,"articleBody":"Pokud jste si ji\u017e v\u00fdpo\u010dtem odchodu do d\u016fchodu p\u0159esn\u011b zjistili, kdy v\u00e1s \u010dek\u00e1 penze a kdy se p\u0159i\u0159ad\u00edte k va\u0161im p\u0159edch\u016fdc\u016fm, m\u00e1te docela \u0161t\u011bst\u00ed. Kdo je toti\u017e p\u0159ipraven, ten nen\u00ed p\u0159ekvapen! A vy m\u00e1te \u010das se na v\u0161echno, co se t\u00fdk\u00e1 st\u00e1\u0159\u00ed a seniorsk\u00e9ho v\u011bku, dob\u0159e p\u0159ipravit ji\u017e p\u0159edem. nebojte se p\u0159i tom d\u011blat i v\u011bci, kter\u00e9 se zdaj\u00ed jako zbyte\u010dn\u00e9, nebo zbyte\u010dn\u00e9, vzhledem ke kr\u00e1t\u00edc\u00edmu se \u010dasu do zb\u00fdvaj\u00edc\u00edho do va\u0161\u00ed smrti.Vzd\u011bl\u00e1n\u00ed, z\u00e1bava, cestov\u00e1n\u00edNeost\u00fdchejte se na star\u00e1 kolena si doplnit vzd\u011bl\u00e1n\u00ed, cestujte, cho\u010fte cvi\u010dit, plavat, v\u011bnujte se asijsk\u00fdm pohybov\u00fdm a dechov\u00fdm cvi\u010den\u00edm i meditac\u00edm. Prost\u011b v\u0161emu, co p\u0159in\u00e1\u0161\u00ed nejen t\u011blesnou, ale i du\u0161evn\u00ed pohodu a vyrovnanost. Nestra\u0148te se lid\u00ed a nest\u00fdkejte se v\u00fdhradn\u011b s p\u0159\u00edslu\u0161n\u00edky va\u0161i v\u011bkov\u00e9 kategorie, ale i s mnohem mlad\u0161\u00edmi lidmi. Vyplat\u00ed se to!                                                                                                                                                                                                                                                                                                                                                                                        5\/5 - (3 votes)        "},{"@context":"https:\/\/schema.org\/","@type":"BreadcrumbList","itemListElement":[{"@type":"ListItem","position":1,"name":"Nebojte se penzijn\u00edho v\u011bku","item":"https:\/\/www.ryves.cz\/nebojte-se-penzijniho-veku\/#breadcrumbitem"}]}]